{"id":3032,"date":"2023-04-06T16:38:43","date_gmt":"2023-04-06T14:38:43","guid":{"rendered":"http:\/\/fondation-abdelkrimbouallou.ma\/?p=3032"},"modified":"2023-04-08T02:34:36","modified_gmt":"2023-04-08T00:34:36","slug":"3032","status":"publish","type":"post","link":"https:\/\/fondation-abdelkrimbouallou.ma\/index.php\/2023\/04\/06\/3032\/","title":{"rendered":"Mehdi Bensa\u00efd : \u00ab\u00a0Le Pass Jeunes sera lanc\u00e9 dans un premier temps \u00e0 Rabat-Sal\u00e9\u00a0\u00bb"},"content":{"rendered":"<p><a href=\"https:\/\/medias24.com\/2023\/01\/18\/mehdi-bensaid-le-pass-jeunes-sera-lance-dans-un-premier-temps-a-rabat-sale\/\">https:\/\/medias24.com\/2023\/01\/18\/mehdi-bensaid-le-pass-jeunes-sera-lance-dans-un-premier-temps-a-rabat-sale\/<\/a><\/p>\n","protected":false},"excerpt":{"rendered":"<p>https:\/\/medias24.com\/2023\/01\/18\/mehdi-bensaid-le-pass-jeunes-sera-lance-dans-un-premier-temps-a-rabat-sale\/<\/p>\n","protected":false},"author":2,"featured_media":3033,"comment_status":"closed","ping_status":"open","sticky":false,"template":"","format":"standard","meta":{"om_disable_all_campaigns":false,"_mi_skip_tracking":false,"_themeisle_gutenberg_block_has_review":false},"categories":[34],"tags":[50,39,36,35],"aioseo_notices":[],"_links":{"self":[{"href":"https:\/\/fondation-abdelkrimbouallou.ma\/index.php\/wp-json\/wp\/v2\/posts\/3032"}],"collection":[{"href":"https:\/\/fondation-abdelkrimbouallou.ma\/index.php\/wp-json\/wp\/v2\/posts"}],"about":[{"href":"https:\/\/fondation-abdelkrimbouallou.ma\/index.php\/wp-json\/wp\/v2\/types\/post"}],"author":[{"embeddable":true,"href":"https:\/\/fondation-abdelkrimbouallou.ma\/index.php\/wp-json\/wp\/v2\/users\/2"}],"replies":[{"embeddable":true,"href":"https:\/\/fondation-abdelkrimbouallou.ma\/index.php\/wp-json\/wp\/v2\/comments?post=3032"}],"version-history":[{"count":3,"href":"https:\/\/fondation-abdelkrimbouallou.ma\/index.php\/wp-json\/wp\/v2\/posts\/3032\/revisions"}],"predecessor-version":[{"id":3067,"href":"https:\/\/fondation-abdelkrimbouallou.ma\/index.php\/wp-json\/wp\/v2\/posts\/3032\/revisions\/3067"}],"wp:featuredmedia":[{"embeddable":true,"href":"https:\/\/fondation-abdelkrimbouallou.ma\/index.php\/wp-json\/wp\/v2\/media\/3033"}],"wp:attachment":[{"href":"https:\/\/fondation-abdelkrimbouallou.ma\/index.php\/wp-json\/wp\/v2\/media?parent=3032"}],"wp:term":[{"taxonomy":"category","embeddable":true,"href":"https:\/\/fondation-abdelkrimbouallou.ma\/index.php\/wp-json\/wp\/v2\/categories?post=3032"},{"taxonomy":"post_tag","embeddable":true,"href":"https:\/\/fondation-abdelkrimbouallou.ma\/index.php\/wp-json\/wp\/v2\/tags?post=3032"}],"curies":[{"name":"wp","href":"https:\/\/api.w.org\/{rel}","templated":true}]}}