{"id":3246,"date":"2023-05-30T17:14:33","date_gmt":"2023-05-30T15:14:33","guid":{"rendered":"https:\/\/fondation-abdelkrimbouallou.ma\/?p=3246"},"modified":"2023-06-07T17:17:14","modified_gmt":"2023-06-07T15:17:14","slug":"s-m-le-roi-inaugure-la-cite-des-metiers-et-des-competences-de-rabat-sale-kenitra","status":"publish","type":"post","link":"https:\/\/fondation-abdelkrimbouallou.ma\/index.php\/2023\/05\/30\/s-m-le-roi-inaugure-la-cite-des-metiers-et-des-competences-de-rabat-sale-kenitra\/","title":{"rendered":"S.M. le Roi inaugure la Cit\u00e9 des M\u00e9tiers et des Comp\u00e9tences de Rabat-Sal\u00e9-K\u00e9nitra"},"content":{"rendered":"<p><a href=\"https:\/\/lematin.ma\/video\/sm-le-roi-inaugure-la-cite-des-metiers-et-des-competences-de-rabat-sale-kenitra-8447.html\">https:\/\/lematin.ma\/video\/sm-le-roi-inaugure-la-cite-des-metiers-et-des-competences-de-rabat-sale-kenitra-8447.html\u00a0<\/a><\/p>\n","protected":false},"excerpt":{"rendered":"<p>https:\/\/lematin.ma\/video\/sm-le-roi-inaugure-la-cite-des-metiers-et-des-competences-de-rabat-sale-kenitra-8447.html\u00a0<\/p>\n","protected":false},"author":2,"featured_media":3247,"comment_status":"closed","ping_status":"open","sticky":false,"template":"","format":"standard","meta":{"om_disable_all_campaigns":false,"_mi_skip_tracking":false,"_themeisle_gutenberg_block_has_review":false},"categories":[34],"tags":[50,60,39,84,83,87,85,86,47],"aioseo_notices":[],"_links":{"self":[{"href":"https:\/\/fondation-abdelkrimbouallou.ma\/index.php\/wp-json\/wp\/v2\/posts\/3246"}],"collection":[{"href":"https:\/\/fondation-abdelkrimbouallou.ma\/index.php\/wp-json\/wp\/v2\/posts"}],"about":[{"href":"https:\/\/fondation-abdelkrimbouallou.ma\/index.php\/wp-json\/wp\/v2\/types\/post"}],"author":[{"embeddable":true,"href":"https:\/\/fondation-abdelkrimbouallou.ma\/index.php\/wp-json\/wp\/v2\/users\/2"}],"replies":[{"embeddable":true,"href":"https:\/\/fondation-abdelkrimbouallou.ma\/index.php\/wp-json\/wp\/v2\/comments?post=3246"}],"version-history":[{"count":1,"href":"https:\/\/fondation-abdelkrimbouallou.ma\/index.php\/wp-json\/wp\/v2\/posts\/3246\/revisions"}],"predecessor-version":[{"id":3248,"href":"https:\/\/fondation-abdelkrimbouallou.ma\/index.php\/wp-json\/wp\/v2\/posts\/3246\/revisions\/3248"}],"wp:featuredmedia":[{"embeddable":true,"href":"https:\/\/fondation-abdelkrimbouallou.ma\/index.php\/wp-json\/wp\/v2\/media\/3247"}],"wp:attachment":[{"href":"https:\/\/fondation-abdelkrimbouallou.ma\/index.php\/wp-json\/wp\/v2\/media?parent=3246"}],"wp:term":[{"taxonomy":"category","embeddable":true,"href":"https:\/\/fondation-abdelkrimbouallou.ma\/index.php\/wp-json\/wp\/v2\/categories?post=3246"},{"taxonomy":"post_tag","embeddable":true,"href":"https:\/\/fondation-abdelkrimbouallou.ma\/index.php\/wp-json\/wp\/v2\/tags?post=3246"}],"curies":[{"name":"wp","href":"https:\/\/api.w.org\/{rel}","templated":true}]}}