{"id":3311,"date":"2023-10-29T10:24:17","date_gmt":"2023-10-29T09:24:17","guid":{"rendered":"https:\/\/fondation-abdelkrimbouallou.ma\/?p=3311"},"modified":"2023-10-29T23:26:05","modified_gmt":"2023-10-29T22:26:05","slug":"mondial-2030-le-maroc-lespagne-et-le-portugal-signent-a-sale-la-declaration-dintention-pour-lorganisation","status":"publish","type":"post","link":"https:\/\/fondation-abdelkrimbouallou.ma\/index.php\/2023\/10\/29\/mondial-2030-le-maroc-lespagne-et-le-portugal-signent-a-sale-la-declaration-dintention-pour-lorganisation\/","title":{"rendered":"Mondial 2030 : le Maroc, l&rsquo;Espagne et le Portugal signent \u00e0 Sal\u00e9 la d\u00e9claration d&rsquo;intention pour l&rsquo;organisation"},"content":{"rendered":"<p><a href=\"https:\/\/www.leconomiste.com\/diaporama\/mondial-2030-le-maroc-l-espagne-et-le-portugal-signent-sale-la-declaration-d-intention\">https:\/\/www.leconomiste.com\/diaporama\/mondial-2030-le-maroc-l-espagne-et-le-portugal-signent-sale-la-declaration-d-intention<\/a><\/p>\n","protected":false},"excerpt":{"rendered":"<p>https:\/\/www.leconomiste.com\/diaporama\/mondial-2030-le-maroc-l-espagne-et-le-portugal-signent-sale-la-declaration-d-intention<\/p>\n","protected":false},"author":2,"featured_media":3312,"comment_status":"closed","ping_status":"open","sticky":false,"template":"","format":"standard","meta":{"om_disable_all_campaigns":false,"_mi_skip_tracking":false,"_themeisle_gutenberg_block_has_review":false},"categories":[34],"tags":[50,39,122,124,123,126,125],"aioseo_notices":[],"_links":{"self":[{"href":"https:\/\/fondation-abdelkrimbouallou.ma\/index.php\/wp-json\/wp\/v2\/posts\/3311"}],"collection":[{"href":"https:\/\/fondation-abdelkrimbouallou.ma\/index.php\/wp-json\/wp\/v2\/posts"}],"about":[{"href":"https:\/\/fondation-abdelkrimbouallou.ma\/index.php\/wp-json\/wp\/v2\/types\/post"}],"author":[{"embeddable":true,"href":"https:\/\/fondation-abdelkrimbouallou.ma\/index.php\/wp-json\/wp\/v2\/users\/2"}],"replies":[{"embeddable":true,"href":"https:\/\/fondation-abdelkrimbouallou.ma\/index.php\/wp-json\/wp\/v2\/comments?post=3311"}],"version-history":[{"count":1,"href":"https:\/\/fondation-abdelkrimbouallou.ma\/index.php\/wp-json\/wp\/v2\/posts\/3311\/revisions"}],"predecessor-version":[{"id":3313,"href":"https:\/\/fondation-abdelkrimbouallou.ma\/index.php\/wp-json\/wp\/v2\/posts\/3311\/revisions\/3313"}],"wp:featuredmedia":[{"embeddable":true,"href":"https:\/\/fondation-abdelkrimbouallou.ma\/index.php\/wp-json\/wp\/v2\/media\/3312"}],"wp:attachment":[{"href":"https:\/\/fondation-abdelkrimbouallou.ma\/index.php\/wp-json\/wp\/v2\/media?parent=3311"}],"wp:term":[{"taxonomy":"category","embeddable":true,"href":"https:\/\/fondation-abdelkrimbouallou.ma\/index.php\/wp-json\/wp\/v2\/categories?post=3311"},{"taxonomy":"post_tag","embeddable":true,"href":"https:\/\/fondation-abdelkrimbouallou.ma\/index.php\/wp-json\/wp\/v2\/tags?post=3311"}],"curies":[{"name":"wp","href":"https:\/\/api.w.org\/{rel}","templated":true}]}}