{"id":3339,"date":"2023-11-25T18:28:46","date_gmt":"2023-11-25T17:28:46","guid":{"rendered":"https:\/\/fondation-abdelkrimbouallou.ma\/?p=3339"},"modified":"2023-12-19T10:21:21","modified_gmt":"2023-12-19T09:21:21","slug":"premiere-conference-de-la-fondation-abdelkrim-bouallou-pour-la-culture-et-la-memoire","status":"publish","type":"post","link":"https:\/\/fondation-abdelkrimbouallou.ma\/index.php\/2023\/11\/25\/premiere-conference-de-la-fondation-abdelkrim-bouallou-pour-la-culture-et-la-memoire\/","title":{"rendered":"Premi\u00e8re conf\u00e9rence de la Fondation Abdelkrim Bouallou pour la Culture et la M\u00e9moire"},"content":{"rendered":"<p class=\"access\">\u200bLa Fondation Abdelkrim Bouallou pour la Culture et la M\u00e9moire organise une conf\u00e9rence autour de la th\u00e9matique suivante : \u00ab\u00a0la ville de Sal\u00e9 aux 17\u00e8 et 18\u00e8 si\u00e8cles\u00a0\u00bb.<\/p>\n<p>\u200bCette conf\u00e9rence sera anim\u00e9e par le journaliste-\u00e9crivain et chercheur M. Seddik Ma\u00e2ninou.<\/p>\n<p>La conf\u00e9rence aura lieu \u00e0 l&rsquo;h\u00f4tel le Dawliz \u00e0 Sal\u00e9 le jeudi 14 d\u00e9cembre 2023 \u00e0 19h.<\/p>\n","protected":false},"excerpt":{"rendered":"<p>\u200bLa Fondation Abdelkrim Bouallou pour la Culture et la M\u00e9moire organise une conf\u00e9rence autour de la th\u00e9matique suivante : \u00ab\u00a0la ville de Sal\u00e9 aux 17\u00e8 et 18\u00e8 si\u00e8cles\u00a0\u00bb. \u200bCette conf\u00e9rence sera anim\u00e9e par le journaliste-\u00e9crivain et chercheur M. Seddik Ma\u00e2ninou. La conf\u00e9rence aura lieu \u00e0 l&rsquo;h\u00f4tel le Dawliz \u00e0 Sal\u00e9.<\/p>\n","protected":false},"author":1,"featured_media":3340,"comment_status":"closed","ping_status":"open","sticky":false,"template":"","format":"standard","meta":{"om_disable_all_campaigns":false,"_mi_skip_tracking":false,"_themeisle_gutenberg_block_has_review":false},"categories":[151],"tags":[50,39,142,143,141],"aioseo_notices":[],"_links":{"self":[{"href":"https:\/\/fondation-abdelkrimbouallou.ma\/index.php\/wp-json\/wp\/v2\/posts\/3339"}],"collection":[{"href":"https:\/\/fondation-abdelkrimbouallou.ma\/index.php\/wp-json\/wp\/v2\/posts"}],"about":[{"href":"https:\/\/fondation-abdelkrimbouallou.ma\/index.php\/wp-json\/wp\/v2\/types\/post"}],"author":[{"embeddable":true,"href":"https:\/\/fondation-abdelkrimbouallou.ma\/index.php\/wp-json\/wp\/v2\/users\/1"}],"replies":[{"embeddable":true,"href":"https:\/\/fondation-abdelkrimbouallou.ma\/index.php\/wp-json\/wp\/v2\/comments?post=3339"}],"version-history":[{"count":4,"href":"https:\/\/fondation-abdelkrimbouallou.ma\/index.php\/wp-json\/wp\/v2\/posts\/3339\/revisions"}],"predecessor-version":[{"id":3354,"href":"https:\/\/fondation-abdelkrimbouallou.ma\/index.php\/wp-json\/wp\/v2\/posts\/3339\/revisions\/3354"}],"wp:featuredmedia":[{"embeddable":true,"href":"https:\/\/fondation-abdelkrimbouallou.ma\/index.php\/wp-json\/wp\/v2\/media\/3340"}],"wp:attachment":[{"href":"https:\/\/fondation-abdelkrimbouallou.ma\/index.php\/wp-json\/wp\/v2\/media?parent=3339"}],"wp:term":[{"taxonomy":"category","embeddable":true,"href":"https:\/\/fondation-abdelkrimbouallou.ma\/index.php\/wp-json\/wp\/v2\/categories?post=3339"},{"taxonomy":"post_tag","embeddable":true,"href":"https:\/\/fondation-abdelkrimbouallou.ma\/index.php\/wp-json\/wp\/v2\/tags?post=3339"}],"curies":[{"name":"wp","href":"https:\/\/api.w.org\/{rel}","templated":true}]}}