{"id":3358,"date":"2023-11-24T14:20:21","date_gmt":"2023-11-24T13:20:21","guid":{"rendered":"https:\/\/fondation-abdelkrimbouallou.ma\/?p=3358"},"modified":"2023-11-27T14:24:11","modified_gmt":"2023-11-27T13:24:11","slug":"reforme-de-la-sante-a-rabat-sale-kenitra-premier-pas-vers-loperationnalisation-des-groupements-de-sante-territoriaux","status":"publish","type":"post","link":"https:\/\/fondation-abdelkrimbouallou.ma\/index.php\/2023\/11\/24\/reforme-de-la-sante-a-rabat-sale-kenitra-premier-pas-vers-loperationnalisation-des-groupements-de-sante-territoriaux\/","title":{"rendered":"R\u00e9forme de la Sant\u00e9 : A Rabat-Sal\u00e9-K\u00e9nitra, premier pas vers l&rsquo;operationnalisation des groupements de sant\u00e9 territoriaux"},"content":{"rendered":"<p><a href=\"https:\/\/medias24.com\/2023\/11\/24\/reforme-de-la-sante-a-rabat-sale-kenitra-premier-pas-vers-loperationnalisation-des-groupements-de-sante-territoriaux\/\">https:\/\/medias24.com\/2023\/11\/24\/reforme-de-la-sante-a-rabat-sale-kenitra-premier-pas-vers-loperationnalisation-des-groupements-de-sante-territoriaux\/\u00a0<\/a><\/p>\n","protected":false},"excerpt":{"rendered":"<p>https:\/\/medias24.com\/2023\/11\/24\/reforme-de-la-sante-a-rabat-sale-kenitra-premier-pas-vers-loperationnalisation-des-groupements-de-sante-territoriaux\/\u00a0<\/p>\n","protected":false},"author":2,"featured_media":3359,"comment_status":"closed","ping_status":"open","sticky":false,"template":"","format":"standard","meta":{"om_disable_all_campaigns":false,"_mi_skip_tracking":false,"_themeisle_gutenberg_block_has_review":false},"categories":[34],"tags":[50,39,147,148,35,54],"aioseo_notices":[],"_links":{"self":[{"href":"https:\/\/fondation-abdelkrimbouallou.ma\/index.php\/wp-json\/wp\/v2\/posts\/3358"}],"collection":[{"href":"https:\/\/fondation-abdelkrimbouallou.ma\/index.php\/wp-json\/wp\/v2\/posts"}],"about":[{"href":"https:\/\/fondation-abdelkrimbouallou.ma\/index.php\/wp-json\/wp\/v2\/types\/post"}],"author":[{"embeddable":true,"href":"https:\/\/fondation-abdelkrimbouallou.ma\/index.php\/wp-json\/wp\/v2\/users\/2"}],"replies":[{"embeddable":true,"href":"https:\/\/fondation-abdelkrimbouallou.ma\/index.php\/wp-json\/wp\/v2\/comments?post=3358"}],"version-history":[{"count":1,"href":"https:\/\/fondation-abdelkrimbouallou.ma\/index.php\/wp-json\/wp\/v2\/posts\/3358\/revisions"}],"predecessor-version":[{"id":3360,"href":"https:\/\/fondation-abdelkrimbouallou.ma\/index.php\/wp-json\/wp\/v2\/posts\/3358\/revisions\/3360"}],"wp:featuredmedia":[{"embeddable":true,"href":"https:\/\/fondation-abdelkrimbouallou.ma\/index.php\/wp-json\/wp\/v2\/media\/3359"}],"wp:attachment":[{"href":"https:\/\/fondation-abdelkrimbouallou.ma\/index.php\/wp-json\/wp\/v2\/media?parent=3358"}],"wp:term":[{"taxonomy":"category","embeddable":true,"href":"https:\/\/fondation-abdelkrimbouallou.ma\/index.php\/wp-json\/wp\/v2\/categories?post=3358"},{"taxonomy":"post_tag","embeddable":true,"href":"https:\/\/fondation-abdelkrimbouallou.ma\/index.php\/wp-json\/wp\/v2\/tags?post=3358"}],"curies":[{"name":"wp","href":"https:\/\/api.w.org\/{rel}","templated":true}]}}