{"id":3476,"date":"2023-08-24T16:19:48","date_gmt":"2023-08-24T14:19:48","guid":{"rendered":"https:\/\/fondation-abdelkrimbouallou.ma\/?p=3476"},"modified":"2024-02-07T16:22:05","modified_gmt":"2024-02-07T15:22:05","slug":"un-jour-une-plage-plage-des-nations-pres-de-sale-fraicheur-et-convivialite-au-menu","status":"publish","type":"post","link":"https:\/\/fondation-abdelkrimbouallou.ma\/index.php\/2023\/08\/24\/un-jour-une-plage-plage-des-nations-pres-de-sale-fraicheur-et-convivialite-au-menu\/","title":{"rendered":"Un jour, une plage : Plage des Nations pr\u00e8s de Sal\u00e9, fra\u00eecheur et convivialit\u00e9 au menu"},"content":{"rendered":"<p><a href=\"https:\/\/fr.le360.ma\/societe\/un-jour-une-plage-ep24-plage-des-nations-pres-de-sale-fraicheur-et-convivialite-au-menu_533LKSINM5BQPDPDAUPOYJB5HE\/\">https:\/\/fr.le360.ma\/societe\/un-jour-une-plage-ep24-plage-des-nations-pres-de-sale-fraicheur-et-convivialite-au-menu_533LKSINM5BQPDPDAUPOYJB5HE\/\u00a0<\/a><\/p>\n","protected":false},"excerpt":{"rendered":"<p>https:\/\/fr.le360.ma\/societe\/un-jour-une-plage-ep24-plage-des-nations-pres-de-sale-fraicheur-et-convivialite-au-menu_533LKSINM5BQPDPDAUPOYJB5HE\/\u00a0<\/p>\n","protected":false},"author":2,"featured_media":3477,"comment_status":"closed","ping_status":"open","sticky":false,"template":"","format":"standard","meta":{"om_disable_all_campaigns":false,"_mi_skip_tracking":false,"_themeisle_gutenberg_block_has_review":false},"categories":[34],"tags":[50,39,158,159,43,116],"aioseo_notices":[],"_links":{"self":[{"href":"https:\/\/fondation-abdelkrimbouallou.ma\/index.php\/wp-json\/wp\/v2\/posts\/3476"}],"collection":[{"href":"https:\/\/fondation-abdelkrimbouallou.ma\/index.php\/wp-json\/wp\/v2\/posts"}],"about":[{"href":"https:\/\/fondation-abdelkrimbouallou.ma\/index.php\/wp-json\/wp\/v2\/types\/post"}],"author":[{"embeddable":true,"href":"https:\/\/fondation-abdelkrimbouallou.ma\/index.php\/wp-json\/wp\/v2\/users\/2"}],"replies":[{"embeddable":true,"href":"https:\/\/fondation-abdelkrimbouallou.ma\/index.php\/wp-json\/wp\/v2\/comments?post=3476"}],"version-history":[{"count":1,"href":"https:\/\/fondation-abdelkrimbouallou.ma\/index.php\/wp-json\/wp\/v2\/posts\/3476\/revisions"}],"predecessor-version":[{"id":3478,"href":"https:\/\/fondation-abdelkrimbouallou.ma\/index.php\/wp-json\/wp\/v2\/posts\/3476\/revisions\/3478"}],"wp:featuredmedia":[{"embeddable":true,"href":"https:\/\/fondation-abdelkrimbouallou.ma\/index.php\/wp-json\/wp\/v2\/media\/3477"}],"wp:attachment":[{"href":"https:\/\/fondation-abdelkrimbouallou.ma\/index.php\/wp-json\/wp\/v2\/media?parent=3476"}],"wp:term":[{"taxonomy":"category","embeddable":true,"href":"https:\/\/fondation-abdelkrimbouallou.ma\/index.php\/wp-json\/wp\/v2\/categories?post=3476"},{"taxonomy":"post_tag","embeddable":true,"href":"https:\/\/fondation-abdelkrimbouallou.ma\/index.php\/wp-json\/wp\/v2\/tags?post=3476"}],"curies":[{"name":"wp","href":"https:\/\/api.w.org\/{rel}","templated":true}]}}