{"id":3533,"date":"2023-12-16T16:53:03","date_gmt":"2023-12-16T15:53:03","guid":{"rendered":"https:\/\/fondation-abdelkrimbouallou.ma\/?p=3533"},"modified":"2024-03-14T16:55:45","modified_gmt":"2024-03-14T15:55:45","slug":"femmes-artisanes-lancement-de-la-15e-edition-de-dar-maalma-expo-a-sale","status":"publish","type":"post","link":"https:\/\/fondation-abdelkrimbouallou.ma\/index.php\/2023\/12\/16\/femmes-artisanes-lancement-de-la-15e-edition-de-dar-maalma-expo-a-sale\/","title":{"rendered":"Femmes artisanes: lancement de la 15\u00e8 \u00e9dition de Dar Maalma Expo \u00e0 Sal\u00e9"},"content":{"rendered":"<blockquote class=\"wp-embedded-content\" data-secret=\"E7uLDd9GJY\"><p><a href=\"https:\/\/www.h24info.ma\/femmes-artisanes-lancement-de-la-15e-edition-de-dar-maalma-expo-a-sale\/\">Femmes artisanes: lancement de la 15\u00e8 \u00e9dition de Dar Maalma Expo \u00e0 Sal\u00e9<\/a><\/p><\/blockquote>\n<p><iframe class=\"wp-embedded-content\" sandbox=\"allow-scripts\" security=\"restricted\" style=\"position: absolute; clip: rect(1px, 1px, 1px, 1px);\" title=\"\u00ab\u00a0Femmes artisanes: lancement de la 15\u00e8 \u00e9dition de Dar Maalma Expo \u00e0 Sal\u00e9\u00a0\u00bb &#8212; H24info\" src=\"https:\/\/www.h24info.ma\/femmes-artisanes-lancement-de-la-15e-edition-de-dar-maalma-expo-a-sale\/embed\/#?secret=zSMut7odGV#?secret=E7uLDd9GJY\" data-secret=\"E7uLDd9GJY\" width=\"600\" height=\"338\"  marginwidth=\"0\" marginheight=\"0\" ><\/iframe><\/p>\n","protected":false},"excerpt":{"rendered":"<p>Femmes artisanes: lancement de la 15\u00e8 \u00e9dition de Dar Maalma Expo \u00e0 Sal\u00e9<\/p>\n","protected":false},"author":2,"featured_media":3534,"comment_status":"closed","ping_status":"open","sticky":false,"template":"","format":"standard","meta":{"om_disable_all_campaigns":false,"_mi_skip_tracking":false,"_themeisle_gutenberg_block_has_review":false},"categories":[34],"tags":[50,60,39,167,35],"aioseo_notices":[],"_links":{"self":[{"href":"https:\/\/fondation-abdelkrimbouallou.ma\/index.php\/wp-json\/wp\/v2\/posts\/3533"}],"collection":[{"href":"https:\/\/fondation-abdelkrimbouallou.ma\/index.php\/wp-json\/wp\/v2\/posts"}],"about":[{"href":"https:\/\/fondation-abdelkrimbouallou.ma\/index.php\/wp-json\/wp\/v2\/types\/post"}],"author":[{"embeddable":true,"href":"https:\/\/fondation-abdelkrimbouallou.ma\/index.php\/wp-json\/wp\/v2\/users\/2"}],"replies":[{"embeddable":true,"href":"https:\/\/fondation-abdelkrimbouallou.ma\/index.php\/wp-json\/wp\/v2\/comments?post=3533"}],"version-history":[{"count":1,"href":"https:\/\/fondation-abdelkrimbouallou.ma\/index.php\/wp-json\/wp\/v2\/posts\/3533\/revisions"}],"predecessor-version":[{"id":3535,"href":"https:\/\/fondation-abdelkrimbouallou.ma\/index.php\/wp-json\/wp\/v2\/posts\/3533\/revisions\/3535"}],"wp:featuredmedia":[{"embeddable":true,"href":"https:\/\/fondation-abdelkrimbouallou.ma\/index.php\/wp-json\/wp\/v2\/media\/3534"}],"wp:attachment":[{"href":"https:\/\/fondation-abdelkrimbouallou.ma\/index.php\/wp-json\/wp\/v2\/media?parent=3533"}],"wp:term":[{"taxonomy":"category","embeddable":true,"href":"https:\/\/fondation-abdelkrimbouallou.ma\/index.php\/wp-json\/wp\/v2\/categories?post=3533"},{"taxonomy":"post_tag","embeddable":true,"href":"https:\/\/fondation-abdelkrimbouallou.ma\/index.php\/wp-json\/wp\/v2\/tags?post=3533"}],"curies":[{"name":"wp","href":"https:\/\/api.w.org\/{rel}","templated":true}]}}