{"id":3588,"date":"2024-06-05T16:06:11","date_gmt":"2024-06-05T14:06:11","guid":{"rendered":"https:\/\/fondation-abdelkrimbouallou.ma\/?p=3588"},"modified":"2024-06-06T16:08:35","modified_gmt":"2024-06-06T14:08:35","slug":"un-accord-de-partenariat-noue-entre-la-ccis-de-rabat-sale-kenitra-et-la-chambre-de-commerce-internationale-de-dubai","status":"publish","type":"post","link":"https:\/\/fondation-abdelkrimbouallou.ma\/index.php\/2024\/06\/05\/un-accord-de-partenariat-noue-entre-la-ccis-de-rabat-sale-kenitra-et-la-chambre-de-commerce-internationale-de-dubai\/","title":{"rendered":"Un accord de partenariat nou\u00e9 entre la CCIS de Rabat-Sal\u00e9-K\u00e9nitra et la Chambre de commerce internationale de Duba\u00ef"},"content":{"rendered":"<p><a href=\"https:\/\/fr.le360.ma\/economie\/un-accord-de-partenariat-noue-entre-la-ccis-de-rabat-sale-kenitra-et-la-chambre-de-commerce_3PNUSS4ZBBBRZJ66Y4QSQB3T24\/\">https:\/\/fr.le360.ma\/economie\/un-accord-de-partenariat-noue-entre-la-ccis-de-rabat-sale-kenitra-et-la-chambre-de-commerce_3PNUSS4ZBBBRZJ66Y4QSQB3T24\/<\/a><\/p>\n","protected":false},"excerpt":{"rendered":"<p>https:\/\/fr.le360.ma\/economie\/un-accord-de-partenariat-noue-entre-la-ccis-de-rabat-sale-kenitra-et-la-chambre-de-commerce_3PNUSS4ZBBBRZJ66Y4QSQB3T24\/<\/p>\n","protected":false},"author":2,"featured_media":3589,"comment_status":"closed","ping_status":"open","sticky":false,"template":"","format":"standard","meta":{"om_disable_all_campaigns":false,"_mi_skip_tracking":false,"_themeisle_gutenberg_block_has_review":false},"categories":[34],"tags":[],"aioseo_notices":[],"_links":{"self":[{"href":"https:\/\/fondation-abdelkrimbouallou.ma\/index.php\/wp-json\/wp\/v2\/posts\/3588"}],"collection":[{"href":"https:\/\/fondation-abdelkrimbouallou.ma\/index.php\/wp-json\/wp\/v2\/posts"}],"about":[{"href":"https:\/\/fondation-abdelkrimbouallou.ma\/index.php\/wp-json\/wp\/v2\/types\/post"}],"author":[{"embeddable":true,"href":"https:\/\/fondation-abdelkrimbouallou.ma\/index.php\/wp-json\/wp\/v2\/users\/2"}],"replies":[{"embeddable":true,"href":"https:\/\/fondation-abdelkrimbouallou.ma\/index.php\/wp-json\/wp\/v2\/comments?post=3588"}],"version-history":[{"count":1,"href":"https:\/\/fondation-abdelkrimbouallou.ma\/index.php\/wp-json\/wp\/v2\/posts\/3588\/revisions"}],"predecessor-version":[{"id":3590,"href":"https:\/\/fondation-abdelkrimbouallou.ma\/index.php\/wp-json\/wp\/v2\/posts\/3588\/revisions\/3590"}],"wp:featuredmedia":[{"embeddable":true,"href":"https:\/\/fondation-abdelkrimbouallou.ma\/index.php\/wp-json\/wp\/v2\/media\/3589"}],"wp:attachment":[{"href":"https:\/\/fondation-abdelkrimbouallou.ma\/index.php\/wp-json\/wp\/v2\/media?parent=3588"}],"wp:term":[{"taxonomy":"category","embeddable":true,"href":"https:\/\/fondation-abdelkrimbouallou.ma\/index.php\/wp-json\/wp\/v2\/categories?post=3588"},{"taxonomy":"post_tag","embeddable":true,"href":"https:\/\/fondation-abdelkrimbouallou.ma\/index.php\/wp-json\/wp\/v2\/tags?post=3588"}],"curies":[{"name":"wp","href":"https:\/\/api.w.org\/{rel}","templated":true}]}}