{"id":3795,"date":"2025-07-04T15:00:40","date_gmt":"2025-07-04T13:00:40","guid":{"rendered":"https:\/\/fondation-abdelkrimbouallou.ma\/?p=3795"},"modified":"2025-10-14T15:07:06","modified_gmt":"2025-10-14T13:07:06","slug":"un-nouveau-centre-medical-de-proximite-ouvre-ses-portes-a-sale-tabriquet","status":"publish","type":"post","link":"https:\/\/fondation-abdelkrimbouallou.ma\/index.php\/2025\/07\/04\/un-nouveau-centre-medical-de-proximite-ouvre-ses-portes-a-sale-tabriquet\/","title":{"rendered":"Un nouveau Centre M\u00e9dical de Proximit\u00e9 ouvre ses portes \u00e0 Sal\u00e9 Tabriquet"},"content":{"rendered":"<blockquote class=\"wp-embedded-content\" data-secret=\"5XsoN3fH0J\"><p><a href=\"https:\/\/industries.ma\/un-nouveau-centre-medical-de-proximite-ouvre-ses-portes-a-sale-tabriquet\/\">Un nouveau Centre M\u00e9dical de Proximit\u00e9 ouvre ses portes \u00e0 Sal\u00e9 Tabriquet<\/a><\/p><\/blockquote>\n<p><iframe class=\"wp-embedded-content\" sandbox=\"allow-scripts\" security=\"restricted\" style=\"position: absolute; clip: rect(1px, 1px, 1px, 1px);\" title=\"\u00ab\u00a0Un nouveau Centre M\u00e9dical de Proximit\u00e9 ouvre ses portes \u00e0 Sal\u00e9 Tabriquet\u00a0\u00bb &#8212; Industrie du Maroc Magazine\" src=\"https:\/\/industries.ma\/un-nouveau-centre-medical-de-proximite-ouvre-ses-portes-a-sale-tabriquet\/embed\/#?secret=5oOf8kJPZF#?secret=5XsoN3fH0J\" data-secret=\"5XsoN3fH0J\" width=\"600\" height=\"338\"  marginwidth=\"0\" marginheight=\"0\" ><\/iframe><\/p>\n","protected":false},"excerpt":{"rendered":"<p>Un nouveau Centre M\u00e9dical de Proximit\u00e9 ouvre ses portes \u00e0 Sal\u00e9 Tabriquet<\/p>\n","protected":false},"author":2,"featured_media":3796,"comment_status":"closed","ping_status":"open","sticky":false,"template":"","format":"standard","meta":{"om_disable_all_campaigns":false,"_mi_skip_tracking":false,"_themeisle_gutenberg_block_has_review":false},"categories":[34],"tags":[],"aioseo_notices":[],"_links":{"self":[{"href":"https:\/\/fondation-abdelkrimbouallou.ma\/index.php\/wp-json\/wp\/v2\/posts\/3795"}],"collection":[{"href":"https:\/\/fondation-abdelkrimbouallou.ma\/index.php\/wp-json\/wp\/v2\/posts"}],"about":[{"href":"https:\/\/fondation-abdelkrimbouallou.ma\/index.php\/wp-json\/wp\/v2\/types\/post"}],"author":[{"embeddable":true,"href":"https:\/\/fondation-abdelkrimbouallou.ma\/index.php\/wp-json\/wp\/v2\/users\/2"}],"replies":[{"embeddable":true,"href":"https:\/\/fondation-abdelkrimbouallou.ma\/index.php\/wp-json\/wp\/v2\/comments?post=3795"}],"version-history":[{"count":1,"href":"https:\/\/fondation-abdelkrimbouallou.ma\/index.php\/wp-json\/wp\/v2\/posts\/3795\/revisions"}],"predecessor-version":[{"id":3797,"href":"https:\/\/fondation-abdelkrimbouallou.ma\/index.php\/wp-json\/wp\/v2\/posts\/3795\/revisions\/3797"}],"wp:featuredmedia":[{"embeddable":true,"href":"https:\/\/fondation-abdelkrimbouallou.ma\/index.php\/wp-json\/wp\/v2\/media\/3796"}],"wp:attachment":[{"href":"https:\/\/fondation-abdelkrimbouallou.ma\/index.php\/wp-json\/wp\/v2\/media?parent=3795"}],"wp:term":[{"taxonomy":"category","embeddable":true,"href":"https:\/\/fondation-abdelkrimbouallou.ma\/index.php\/wp-json\/wp\/v2\/categories?post=3795"},{"taxonomy":"post_tag","embeddable":true,"href":"https:\/\/fondation-abdelkrimbouallou.ma\/index.php\/wp-json\/wp\/v2\/tags?post=3795"}],"curies":[{"name":"wp","href":"https:\/\/api.w.org\/{rel}","templated":true}]}}