{"id":3886,"date":"2026-03-11T14:25:33","date_gmt":"2026-03-11T13:25:33","guid":{"rendered":"https:\/\/fondation-abdelkrimbouallou.ma\/?p=3886"},"modified":"2026-03-11T14:25:33","modified_gmt":"2026-03-11T13:25:33","slug":"agriculture-de-conservation-un-projet-pilote-initie-a-rabat-sale-kenitra","status":"publish","type":"post","link":"https:\/\/fondation-abdelkrimbouallou.ma\/index.php\/2026\/03\/11\/agriculture-de-conservation-un-projet-pilote-initie-a-rabat-sale-kenitra\/","title":{"rendered":"Agriculture de conservation : Un projet pilote initi\u00e9 \u00e0 Rabat-Sal\u00e9-K\u00e9nitra"},"content":{"rendered":"<blockquote class=\"wp-embedded-content\" data-secret=\"WhdWUYm0LH\"><p><a href=\"https:\/\/aujourdhui.ma\/economie\/agriculture-de-conservation-un-projet-pilote-initie-a-rabat-sale-kenitra\">Agriculture de conservation : Un projet pilote initi\u00e9 \u00e0 Rabat-Sal\u00e9-K\u00e9nitra<\/a><\/p><\/blockquote>\n<p><iframe class=\"wp-embedded-content\" sandbox=\"allow-scripts\" security=\"restricted\" style=\"position: absolute; clip: rect(1px, 1px, 1px, 1px);\" title=\"\u00ab\u00a0Agriculture de conservation : Un projet pilote initi\u00e9 \u00e0 Rabat-Sal\u00e9-K\u00e9nitra\u00a0\u00bb &#8212; Aujourd&#039;hui le Maroc\" src=\"https:\/\/aujourdhui.ma\/economie\/agriculture-de-conservation-un-projet-pilote-initie-a-rabat-sale-kenitra\/embed#?secret=8fzSm23FnF#?secret=WhdWUYm0LH\" data-secret=\"WhdWUYm0LH\" width=\"600\" height=\"338\"  marginwidth=\"0\" marginheight=\"0\" ><\/iframe><\/p>\n","protected":false},"excerpt":{"rendered":"<p>Agriculture de conservation : Un projet pilote initi\u00e9 \u00e0 Rabat-Sal\u00e9-K\u00e9nitra<\/p>\n","protected":false},"author":2,"featured_media":3887,"comment_status":"closed","ping_status":"open","sticky":false,"template":"","format":"standard","meta":{"om_disable_all_campaigns":false,"_mi_skip_tracking":false,"_themeisle_gutenberg_block_has_review":false},"categories":[34],"tags":[50,69,321,39,322,323,324,148,35],"aioseo_notices":[],"_links":{"self":[{"href":"https:\/\/fondation-abdelkrimbouallou.ma\/index.php\/wp-json\/wp\/v2\/posts\/3886"}],"collection":[{"href":"https:\/\/fondation-abdelkrimbouallou.ma\/index.php\/wp-json\/wp\/v2\/posts"}],"about":[{"href":"https:\/\/fondation-abdelkrimbouallou.ma\/index.php\/wp-json\/wp\/v2\/types\/post"}],"author":[{"embeddable":true,"href":"https:\/\/fondation-abdelkrimbouallou.ma\/index.php\/wp-json\/wp\/v2\/users\/2"}],"replies":[{"embeddable":true,"href":"https:\/\/fondation-abdelkrimbouallou.ma\/index.php\/wp-json\/wp\/v2\/comments?post=3886"}],"version-history":[{"count":1,"href":"https:\/\/fondation-abdelkrimbouallou.ma\/index.php\/wp-json\/wp\/v2\/posts\/3886\/revisions"}],"predecessor-version":[{"id":3888,"href":"https:\/\/fondation-abdelkrimbouallou.ma\/index.php\/wp-json\/wp\/v2\/posts\/3886\/revisions\/3888"}],"wp:featuredmedia":[{"embeddable":true,"href":"https:\/\/fondation-abdelkrimbouallou.ma\/index.php\/wp-json\/wp\/v2\/media\/3887"}],"wp:attachment":[{"href":"https:\/\/fondation-abdelkrimbouallou.ma\/index.php\/wp-json\/wp\/v2\/media?parent=3886"}],"wp:term":[{"taxonomy":"category","embeddable":true,"href":"https:\/\/fondation-abdelkrimbouallou.ma\/index.php\/wp-json\/wp\/v2\/categories?post=3886"},{"taxonomy":"post_tag","embeddable":true,"href":"https:\/\/fondation-abdelkrimbouallou.ma\/index.php\/wp-json\/wp\/v2\/tags?post=3886"}],"curies":[{"name":"wp","href":"https:\/\/api.w.org\/{rel}","templated":true}]}}