{"id":3916,"date":"2026-03-30T16:51:50","date_gmt":"2026-03-30T14:51:50","guid":{"rendered":"https:\/\/fondation-abdelkrimbouallou.ma\/?p=3916"},"modified":"2026-04-24T16:55:44","modified_gmt":"2026-04-24T14:55:44","slug":"urgences-pour-accelerer-les-transferts-de-patients-la-region-rabat-sale-kenitra-lance-un-samu-nouvelle-generation","status":"publish","type":"post","link":"https:\/\/fondation-abdelkrimbouallou.ma\/index.php\/2026\/03\/30\/urgences-pour-accelerer-les-transferts-de-patients-la-region-rabat-sale-kenitra-lance-un-samu-nouvelle-generation\/","title":{"rendered":"Urgences : pour acc\u00e9l\u00e9rer les transferts de patients, la r\u00e9gion Rabat-Sal\u00e9-K\u00e9nitra lance un SAMU nouvelle g\u00e9n\u00e9ration"},"content":{"rendered":"<p><a href=\"https:\/\/medias24.com\/2026\/03\/30\/urgences-pour-accelerer-les-transferts-de-patients-la-region-rabat-sale-kenitra-lance-un-samu-nouvelle-generation-1650775\/\">https:\/\/medias24.com\/2026\/03\/30\/urgences-pour-accelerer-les-transferts-de-patients-la-region-rabat-sale-kenitra-lance-un-samu-nouvelle-generation-1650775\/<\/a><\/p>\n","protected":false},"excerpt":{"rendered":"<p>https:\/\/medias24.com\/2026\/03\/30\/urgences-pour-accelerer-les-transferts-de-patients-la-region-rabat-sale-kenitra-lance-un-samu-nouvelle-generation-1650775\/<\/p>\n","protected":false},"author":2,"featured_media":3917,"comment_status":"closed","ping_status":"open","sticky":false,"template":"","format":"standard","meta":{"om_disable_all_campaigns":false,"_mi_skip_tracking":false,"_themeisle_gutenberg_block_has_review":false},"categories":[34],"tags":[50,39,329,330,35,327,54,331,328],"aioseo_notices":[],"_links":{"self":[{"href":"https:\/\/fondation-abdelkrimbouallou.ma\/index.php\/wp-json\/wp\/v2\/posts\/3916"}],"collection":[{"href":"https:\/\/fondation-abdelkrimbouallou.ma\/index.php\/wp-json\/wp\/v2\/posts"}],"about":[{"href":"https:\/\/fondation-abdelkrimbouallou.ma\/index.php\/wp-json\/wp\/v2\/types\/post"}],"author":[{"embeddable":true,"href":"https:\/\/fondation-abdelkrimbouallou.ma\/index.php\/wp-json\/wp\/v2\/users\/2"}],"replies":[{"embeddable":true,"href":"https:\/\/fondation-abdelkrimbouallou.ma\/index.php\/wp-json\/wp\/v2\/comments?post=3916"}],"version-history":[{"count":1,"href":"https:\/\/fondation-abdelkrimbouallou.ma\/index.php\/wp-json\/wp\/v2\/posts\/3916\/revisions"}],"predecessor-version":[{"id":3918,"href":"https:\/\/fondation-abdelkrimbouallou.ma\/index.php\/wp-json\/wp\/v2\/posts\/3916\/revisions\/3918"}],"wp:featuredmedia":[{"embeddable":true,"href":"https:\/\/fondation-abdelkrimbouallou.ma\/index.php\/wp-json\/wp\/v2\/media\/3917"}],"wp:attachment":[{"href":"https:\/\/fondation-abdelkrimbouallou.ma\/index.php\/wp-json\/wp\/v2\/media?parent=3916"}],"wp:term":[{"taxonomy":"category","embeddable":true,"href":"https:\/\/fondation-abdelkrimbouallou.ma\/index.php\/wp-json\/wp\/v2\/categories?post=3916"},{"taxonomy":"post_tag","embeddable":true,"href":"https:\/\/fondation-abdelkrimbouallou.ma\/index.php\/wp-json\/wp\/v2\/tags?post=3916"}],"curies":[{"name":"wp","href":"https:\/\/api.w.org\/{rel}","templated":true}]}}